{"id":1020,"date":"2020-06-22T18:11:53","date_gmt":"2020-06-22T17:11:53","guid":{"rendered":"http:\/\/arpadfoldiref.hu\/?p=1020"},"modified":"2022-01-02T19:16:31","modified_gmt":"2022-01-02T18:16:31","slug":"kozos-gyulekezeti-ebed","status":"publish","type":"post","link":"https:\/\/arpadfoldiref.hu\/index.php\/2020\/06\/22\/kozos-gyulekezeti-ebed\/","title":{"rendered":"K\u00f6z\u00f6s gy\u00fclekezeti eb\u00e9d"},"content":{"rendered":"\n<p>Egy hossz\u00fa tal\u00e1lkoz\u00e1smentes id\u0151szak ut\u00e1n \u00f6r\u00f6mmel v\u00e1runk mindenkit a lassan hagyom\u00e1nny\u00e1 v\u00e1l\u00f3 ny\u00e1r elejei kerti programunkra: a k\u00f6z\u00f6s gy\u00fclekezeti eb\u00e9dre.<\/p>\n\n\n\n<div class=\"wp-block-group\"><div class=\"wp-block-group__inner-container is-layout-flow wp-block-group-is-layout-flow\">\n<p><strong>2020. j\u00fanius 28-\u00e1n, az istentisztelet ut\u00e1n<\/strong> lehet\u0151s\u00e9g\u00fcnk lesz arra, hogy egy\u00fctt maradjunk \u00e9s k\u00f6tetlenebb form\u00e1ban tudjunk besz\u00e9lgetni, megosztani az elm\u00falt id\u0151szak neh\u00e9zs\u00e9geit, \u00f6r\u00f6meit, vagy \u00e9ppen a tapasztalatokat, felfedez\u00e9seket. \u00c9s k\u00f6z\u00f6sen tudunk majd h\u00e1l\u00e1t adni mindezek\u00e9rt Urunknak: \u00e9neksz\u00f3val \u00e9s im\u00e1ds\u00e1ggal.<br>Mint ahogy mindig, most is a templomkertben lehet\u00fcnk egy\u00fctt. Mivel a szabadban lesz a program, mindannyian k\u00f6nnyebben tudunk figyelni \u00e9s vigy\u00e1zni is egym\u00e1sra.<br>Nagyon \u00f6r\u00fcln\u00e9nk, ha min\u00e9l t\u00f6bben tudn\u00e1nk maradni, \u00e9s hogy a vas\u00e1rnapi eb\u00e9d miatt se kelljen hazaszaladni mindenkit szeretettel v\u00e1runk egy t\u00e1l \u00e9telre is.<br>A men\u00fc guly\u00e1sleves lesz, \u00e9s s\u00fctem\u00e9ny. Ez ut\u00f3bbit magunknak kell hoznunk, ez\u00e9rt, ha valaki sz\u00edvesen s\u00fct egy-egy tepsivel, azt nagy szeretettel fogadjuk. Garant\u00e1ltan minden elfogy majd.<br><br>A k\u00f6z\u00f6s egy\u00fcttl\u00e9tig is \u00e1ldott napokat k\u00edv\u00e1nunk:<br><br>Presbit\u00e9rium<\/p>\n<\/div><\/div>\n","protected":false},"excerpt":{"rendered":"<p>Egy hossz\u00fa tal\u00e1lkoz\u00e1smentes id\u0151szak ut\u00e1n \u00f6r\u00f6mmel v\u00e1runk mindenkit a lassan hagyom\u00e1nny\u00e1 v\u00e1l\u00f3 ny\u00e1r elejei kerti programunkra: a k\u00f6z\u00f6s gy\u00fclekezeti eb\u00e9dre.<\/p>\n","protected":false},"author":4,"featured_media":1021,"comment_status":"closed","ping_status":"closed","sticky":false,"template":"","format":"standard","meta":{"ngg_post_thumbnail":0,"_jetpack_memberships_contains_paid_content":false,"footnotes":""},"categories":[3],"tags":[],"class_list":["post-1020","post","type-post","status-publish","format-standard","has-post-thumbnail","hentry","category-hirek"],"jetpack_featured_media_url":"https:\/\/arpadfoldiref.hu\/wp-content\/uploads\/2020\/06\/Bogracsgulyas_2020_400x300.jpg","jetpack_sharing_enabled":true,"_links":{"self":[{"href":"https:\/\/arpadfoldiref.hu\/index.php\/wp-json\/wp\/v2\/posts\/1020","targetHints":{"allow":["GET"]}}],"collection":[{"href":"https:\/\/arpadfoldiref.hu\/index.php\/wp-json\/wp\/v2\/posts"}],"about":[{"href":"https:\/\/arpadfoldiref.hu\/index.php\/wp-json\/wp\/v2\/types\/post"}],"author":[{"embeddable":true,"href":"https:\/\/arpadfoldiref.hu\/index.php\/wp-json\/wp\/v2\/users\/4"}],"replies":[{"embeddable":true,"href":"https:\/\/arpadfoldiref.hu\/index.php\/wp-json\/wp\/v2\/comments?post=1020"}],"version-history":[{"count":2,"href":"https:\/\/arpadfoldiref.hu\/index.php\/wp-json\/wp\/v2\/posts\/1020\/revisions"}],"predecessor-version":[{"id":1694,"href":"https:\/\/arpadfoldiref.hu\/index.php\/wp-json\/wp\/v2\/posts\/1020\/revisions\/1694"}],"wp:featuredmedia":[{"embeddable":true,"href":"https:\/\/arpadfoldiref.hu\/index.php\/wp-json\/wp\/v2\/media\/1021"}],"wp:attachment":[{"href":"https:\/\/arpadfoldiref.hu\/index.php\/wp-json\/wp\/v2\/media?parent=1020"}],"wp:term":[{"taxonomy":"category","embeddable":true,"href":"https:\/\/arpadfoldiref.hu\/index.php\/wp-json\/wp\/v2\/categories?post=1020"},{"taxonomy":"post_tag","embeddable":true,"href":"https:\/\/arpadfoldiref.hu\/index.php\/wp-json\/wp\/v2\/tags?post=1020"}],"curies":[{"name":"wp","href":"https:\/\/api.w.org\/{rel}","templated":true}]}}