{"id":2451,"date":"2024-06-06T12:28:35","date_gmt":"2024-06-06T11:28:35","guid":{"rendered":"https:\/\/arpadfoldiref.hu\/?p=2451"},"modified":"2024-06-06T12:36:33","modified_gmt":"2024-06-06T11:36:33","slug":"tovabbi-kincsekkel-gyarapodott-gyulekezetunk","status":"publish","type":"post","link":"https:\/\/arpadfoldiref.hu\/index.php\/2024\/06\/06\/tovabbi-kincsekkel-gyarapodott-gyulekezetunk\/","title":{"rendered":"Tov\u00e1bbi kincsekkel gyarapodott gy\u00fclekezet\u00fcnk"},"content":{"rendered":"\n<p>\u00d6r\u00f6mmel osztjuk meg veletek, hogy p\u00fcnk\u00f6sd vas\u00e1rnap konfirm\u00e1ci\u00f3s istentiszteleten lehett\u00fcnk egy\u00fctt szeretett templomunkban. Ezen a napon k\u00e9t fiatal \u00e9s h\u00e1rom feln\u0151tt fejezte ki azt a d\u00f6nt\u00e9s\u00e9t, hogy J\u00e9zust k\u00f6vetve szeretn\u00e9nek \u00e9lni. Mind az \u00f6ten h\u00f3napok \u00f3ta k\u00e9sz\u00fcltek a konfirm\u00e1ci\u00f3ra, felk\u00e9sz\u00fclts\u00e9g\u00fcket az eg\u00e9sz gy\u00fclekezet el\u0151tt bizony\u00edthatt\u00e1k is: a fiatalok bibliaismerti k\u00e9rd\u00e9sek megv\u00e1laszol\u00e1s\u00e1val, a feln\u0151ttek pedig bizonys\u00e1gt\u00e9tel\u00fckkel, melyek az eg\u00e9sz gy\u00fclekezet lelki \u00e9p\u00fcl\u00e9s\u00e9re szolg\u00e1ltak.<\/p>\n\n\n\n<p>Felemel\u0151 volt l\u00e1tni a fiatalok nyitotts\u00e1g\u00e1t, \u00e9s hogy feln\u0151tt, Isten n\u00e9lk\u00fcl j\u00e1r\u00f3 emberek az \u0150 h\u00edv\u00e1s\u00e1t meghallva egyszer csak Istent keres\u0151 emberekk\u00e9 v\u00e1lhatnak. H\u00e1la legyen ez\u00e9rt Neki!<\/p>\n\n\n\n<p>Isten adjon a frissen konfirm\u00e1ltaknak \u00e9s az eg\u00e9sz gy\u00fclekezet\u00fcnknek \u00e1ldott n\u00f6veked\u00e9st L\u00e9lekben, hitben, Isten \u00e9s emberek el\u0151tt val\u00f3 kedvess\u00e9gben!<\/p>\n\n\n\n<figure class=\"wp-block-image size-full\"><img loading=\"lazy\" decoding=\"async\" width=\"1024\" height=\"654\" src=\"https:\/\/arpadfoldiref.hu\/wp-content\/uploads\/2024\/06\/Kozos_kep.jpg\" alt=\"\" class=\"wp-image-2452\" srcset=\"https:\/\/arpadfoldiref.hu\/wp-content\/uploads\/2024\/06\/Kozos_kep.jpg 1024w, https:\/\/arpadfoldiref.hu\/wp-content\/uploads\/2024\/06\/Kozos_kep-300x192.jpg 300w, https:\/\/arpadfoldiref.hu\/wp-content\/uploads\/2024\/06\/Kozos_kep-768x491.jpg 768w, https:\/\/arpadfoldiref.hu\/wp-content\/uploads\/2024\/06\/Kozos_kep-850x543.jpg 850w\" sizes=\"auto, (max-width: 1024px) 100vw, 1024px\" \/><\/figure>\n","protected":false},"excerpt":{"rendered":"<p>\u00d6r\u00f6mmel osztjuk meg veletek, hogy p\u00fcnk\u00f6sd vas\u00e1rnap konfirm\u00e1ci\u00f3s istentiszteleten lehett\u00fcnk egy\u00fctt &#8230;<\/p>\n","protected":false},"author":4,"featured_media":2457,"comment_status":"closed","ping_status":"closed","sticky":false,"template":"","format":"standard","meta":{"ngg_post_thumbnail":0,"_jetpack_memberships_contains_paid_content":false,"footnotes":""},"categories":[3],"tags":[],"class_list":["post-2451","post","type-post","status-publish","format-standard","has-post-thumbnail","hentry","category-hirek"],"jetpack_featured_media_url":"https:\/\/arpadfoldiref.hu\/wp-content\/uploads\/2024\/06\/Urvacsora_400x300.jpg","jetpack_sharing_enabled":true,"_links":{"self":[{"href":"https:\/\/arpadfoldiref.hu\/index.php\/wp-json\/wp\/v2\/posts\/2451","targetHints":{"allow":["GET"]}}],"collection":[{"href":"https:\/\/arpadfoldiref.hu\/index.php\/wp-json\/wp\/v2\/posts"}],"about":[{"href":"https:\/\/arpadfoldiref.hu\/index.php\/wp-json\/wp\/v2\/types\/post"}],"author":[{"embeddable":true,"href":"https:\/\/arpadfoldiref.hu\/index.php\/wp-json\/wp\/v2\/users\/4"}],"replies":[{"embeddable":true,"href":"https:\/\/arpadfoldiref.hu\/index.php\/wp-json\/wp\/v2\/comments?post=2451"}],"version-history":[{"count":1,"href":"https:\/\/arpadfoldiref.hu\/index.php\/wp-json\/wp\/v2\/posts\/2451\/revisions"}],"predecessor-version":[{"id":2454,"href":"https:\/\/arpadfoldiref.hu\/index.php\/wp-json\/wp\/v2\/posts\/2451\/revisions\/2454"}],"wp:featuredmedia":[{"embeddable":true,"href":"https:\/\/arpadfoldiref.hu\/index.php\/wp-json\/wp\/v2\/media\/2457"}],"wp:attachment":[{"href":"https:\/\/arpadfoldiref.hu\/index.php\/wp-json\/wp\/v2\/media?parent=2451"}],"wp:term":[{"taxonomy":"category","embeddable":true,"href":"https:\/\/arpadfoldiref.hu\/index.php\/wp-json\/wp\/v2\/categories?post=2451"},{"taxonomy":"post_tag","embeddable":true,"href":"https:\/\/arpadfoldiref.hu\/index.php\/wp-json\/wp\/v2\/tags?post=2451"}],"curies":[{"name":"wp","href":"https:\/\/api.w.org\/{rel}","templated":true}]}}