{"id":2636,"date":"2025-01-15T21:41:53","date_gmt":"2025-01-15T20:41:53","guid":{"rendered":"https:\/\/arpadfoldiref.hu\/?p=2636"},"modified":"2025-04-02T12:34:09","modified_gmt":"2025-04-02T11:34:09","slug":"okumenikus-imahet-2025","status":"publish","type":"post","link":"https:\/\/arpadfoldiref.hu\/index.php\/2025\/01\/15\/okumenikus-imahet-2025\/","title":{"rendered":"\u00d6kumenikus imah\u00e9t \u2013 2025"},"content":{"rendered":"\n<p>1700 \u00e9vvel ezel\u0151tt, Kr. u. 325-ben tartott\u00e1k meg az els\u0151 \u00f6kumenikus zsinatot, a Konstantin\u00e1poly melletti Nice\u00e1ban. \u00cdgy ebben az \u00e9vben k\u00fcl\u00f6n\u00f6sen is figyelhet\u00fcnk arra, hogy egy\u00fctt \u00e9lj\u00fck meg \u00e9s \u00fcnnepelj\u00fck a kereszt\u00e9nyek k\u00f6z\u00f6s hit\u00e9t.<br><br>A 2025. \u00e9vi \u00d6kumenikus imah\u00e9t alkalmain h\u00e1l\u00e1val eml\u00e9kezhet\u00fcnk vissza \u00e9s megvizsg\u00e1lhatjuk \u00f6nmagunkat: hissz\u00fck-e az \u0151si hitvall\u00e1st \u00e9s k\u00e9szen\u00e1llunk-e err\u0151l hitvall\u00e1st tenni?<br><strong>Az \u00d6kumenikus imah\u00e9t ideje: 2025. janu\u00e1r 19-26.<\/strong><br><br>A 2025. \u00e9vi \u00f6kumenikus imah\u00e9t im\u00e1ds\u00e1gait \u00e9s elm\u00e9lked\u00e9seit az \u00e9szak-olaszorsz\u00e1gi Bose monasztikus k\u00f6z\u00f6ss\u00e9ge k\u00e9sz\u00edtette.<br><br>Mint minden \u00e9vben most is \u00f6r\u00f6mmel juttatjuk el a Testv\u00e9reknek az imah\u00e9t ker\u00fcleti alkalmait, hogy \u00fajra \u00e9s \u00fajra megtapasztalhassuk Isten \u00f6sszetart\u00f3 erej\u00e9t.<br><br><strong>Szeretettel h\u00edvunk mindenkit az al\u00e1bbi alkalmakra:<br><br>Janu\u00e1r 19. (vas\u00e1rnap) \u00a0\u00a0 18 \u00f3ra<br>De\u00e1k t\u00e9ri Evang\u00e9likus templom<br><\/strong>Ig\u00e9t hirdet: Dr. Erd\u0151 P\u00e9ter rk. b\u00edboros \u00e9s Dr. Steinbach J\u00f3zsef reform\u00e1tus p\u00fcsp\u00f6k<br>T\u00e9ma: Atyas\u00e1g \u00e9s gondvisel\u00e9s<br><br><strong>Janu\u00e1r 20. (h\u00e9tf\u0151) \u00a0\u00a0\u00a0\u00a0\u00a0\u00a0\u00a0\u00a0\u00a0 18 \u00f3ra<br>Cinkotai baptista imah\u00e1z-Bp. XVI. Georgina u. 59.<br><\/strong>Ig\u00e9t hirdet: Jakus Ott\u00f3 rk. pl\u00e9b\u00e1nos<br>T\u00e9ma: Isten m\u0171ve: a teremt\u00e9s<br><br><strong>Janu\u00e1r 21. (kedd) \u00a0\u00a0\u00a0\u00a0\u00a0\u00a0\u00a0\u00a0\u00a0\u00a0 18 \u00f3ra<br>\u00c1rp\u00e1df\u00f6ldi r\u00f3mai katolikus templom -Bp. XVI. \u00c1ll\u00e1s u. 66.<br><\/strong>Ig\u00e9t hirdet: Nyikos Andr\u00e1s reform\u00e1tus lelk\u00e9sz<br>T\u00e9ma: A Fi\u00fa megtestes\u00fcl\u00e9se<br><br><strong>Janu\u00e1r 22. (szerda) \u00a0\u00a0\u00a0\u00a0\u00a0\u00a0\u00a0 18 \u00f3ra<br>Cinkotai evang\u00e9likus templom-Bp. XVI. R\u00f3zsalev\u00e9l u. 46.<br><\/strong>Ig\u00e9t hirdet: G\u00f6d\u00f6lle M\u00e1rton rk. esperes, pl\u00e9b\u00e1nos<br>T\u00e9ma: A h\u00fasv\u00e9ti miszt\u00e9rium<br>Agap\u00e9<br><br><strong>Janu\u00e1r 23. (cs\u00fct\u00f6rt\u00f6k)\u00a0\u00a0 18 \u00f3ra<br>M\u00e1ty\u00e1sf\u00f6ldi Reform\u00e1tus templom &#8211; Bp. XVI. Baross G. u. 23.<br><\/strong>Ig\u00e9t hirdet: Vet\u0151 Istv\u00e1n evang\u00e9likus lelk\u00e9sz<br>T\u00e9ma: Az \u00e9letet ad\u00f3 L\u00e9lek<br><br><strong>Janu\u00e1r 24. (p\u00e9ntek) \u00a0\u00a0\u00a0\u00a0\u00a0\u00a0 18 \u00f3ra:<br>M\u00e1ty\u00e1sf\u00f6ldi r\u00f3mai katolikus templom-Bp. Paulheim J. t\u00e9r 1.<\/strong><br>Ig\u00e9t hirdet: B\u00edr\u00f3 Botond reform\u00e1tus lelk\u00e9sz<br>T\u00e9ma: A h\u00edv\u0151k k\u00f6z\u00f6ss\u00e9ge<br><br><strong>Janu\u00e1r 25. (szombat) \u00a0\u00a0\u00a0 16 \u00f3ra<br>M\u00e1ty\u00e1sf\u00f6ldi Evang\u00e9likus templom &#8211; Bp. XVI. Prod\u00e1m u. 24.<br><\/strong>Ig\u00e9t hirdet: Eszes Zolt\u00e1n baptista lelk\u00e9sz<\/p>\n\n\n\n<p>T\u00e9ma: Kereszts\u00e9g Krisztusban<br><br><strong>Janu\u00e1r 26. (vas\u00e1rnap)\u00a0\u00a0\u00a0 16 \u00f3ra<br>R\u00e1kosszentmih\u00e1ly r\u00f3mai katolikus templom<br><\/strong>Ig\u00e9t hirdet: B\u00edr\u00f3 Botond reform\u00e1tus lelk\u00e9sz<br>T\u00e9ma: Az elj\u00f6vend\u0151 orsz\u00e1g \u00e9s az \u00f6r\u00f6k \u00e9let v\u00e1r\u00e1sa<br><br><br>Az imah\u00e9t alatt h\u00e9tk\u00f6zi alkalmainkat nem tartjuk meg.<\/p>\n","protected":false},"excerpt":{"rendered":"<p>Mint minden \u00e9vben most is \u00f6r\u00f6mmel juttatjuk el a Testv\u00e9reknek az imah\u00e9t ker\u00fcleti alkalmait, hogy \u00fajra \u00e9s \u00fajra megtapasztalhassuk Isten \u00f6sszetart\u00f3 erej\u00e9t.<\/p>\n","protected":false},"author":4,"featured_media":2638,"comment_status":"closed","ping_status":"closed","sticky":false,"template":"","format":"standard","meta":{"ngg_post_thumbnail":0,"_jetpack_memberships_contains_paid_content":false,"footnotes":""},"categories":[3],"tags":[],"class_list":["post-2636","post","type-post","status-publish","format-standard","has-post-thumbnail","hentry","category-hirek"],"jetpack_featured_media_url":"https:\/\/arpadfoldiref.hu\/wp-content\/uploads\/2025\/01\/Imahet_kep.jpg","jetpack_sharing_enabled":true,"_links":{"self":[{"href":"https:\/\/arpadfoldiref.hu\/index.php\/wp-json\/wp\/v2\/posts\/2636","targetHints":{"allow":["GET"]}}],"collection":[{"href":"https:\/\/arpadfoldiref.hu\/index.php\/wp-json\/wp\/v2\/posts"}],"about":[{"href":"https:\/\/arpadfoldiref.hu\/index.php\/wp-json\/wp\/v2\/types\/post"}],"author":[{"embeddable":true,"href":"https:\/\/arpadfoldiref.hu\/index.php\/wp-json\/wp\/v2\/users\/4"}],"replies":[{"embeddable":true,"href":"https:\/\/arpadfoldiref.hu\/index.php\/wp-json\/wp\/v2\/comments?post=2636"}],"version-history":[{"count":1,"href":"https:\/\/arpadfoldiref.hu\/index.php\/wp-json\/wp\/v2\/posts\/2636\/revisions"}],"predecessor-version":[{"id":2639,"href":"https:\/\/arpadfoldiref.hu\/index.php\/wp-json\/wp\/v2\/posts\/2636\/revisions\/2639"}],"wp:featuredmedia":[{"embeddable":true,"href":"https:\/\/arpadfoldiref.hu\/index.php\/wp-json\/wp\/v2\/media\/2638"}],"wp:attachment":[{"href":"https:\/\/arpadfoldiref.hu\/index.php\/wp-json\/wp\/v2\/media?parent=2636"}],"wp:term":[{"taxonomy":"category","embeddable":true,"href":"https:\/\/arpadfoldiref.hu\/index.php\/wp-json\/wp\/v2\/categories?post=2636"},{"taxonomy":"post_tag","embeddable":true,"href":"https:\/\/arpadfoldiref.hu\/index.php\/wp-json\/wp\/v2\/tags?post=2636"}],"curies":[{"name":"wp","href":"https:\/\/api.w.org\/{rel}","templated":true}]}}