{"id":2698,"date":"2025-04-02T12:16:33","date_gmt":"2025-04-02T11:16:33","guid":{"rendered":"https:\/\/arpadfoldiref.hu\/?p=2698"},"modified":"2025-05-28T07:05:48","modified_gmt":"2025-05-28T06:05:48","slug":"husvetra-keszulunk-2","status":"publish","type":"post","link":"https:\/\/arpadfoldiref.hu\/index.php\/2025\/04\/02\/husvetra-keszulunk-2\/","title":{"rendered":"H\u00fasv\u00e9tra k\u00e9sz\u00fcl\u00fcnk"},"content":{"rendered":"\n<p>Szeretettel h\u00edvunk \u00e9s v\u00e1runk mindenkit az al\u00e1bbi gy\u00fclekezeti alkalmainkra, hogy felk\u00e9sz\u00fclhess\u00fcnk \u00e9s elm\u00e9ly\u00fclhess\u00fcnk\u00a0 H\u00fasv\u00e9t miszt\u00e9rium\u00e1ban.<\/p>\n\n\n\n<p><br>\u00c1prilis 6.\u00a0\u00a0\u00a0 vas\u00e1rnap 15 \u00f3ra \u2013 <strong>H\u00e1zask\u00f6r<\/strong><br>\u00c1prilis 12.\u00a0 szombat 15 \u00f3ra \u2013 <strong>H\u00fasv\u00e9tra k\u00e9sz\u00fcl\u0151 csal\u00e1di d\u00e9lut\u00e1n<\/strong>: igei \u00fczenet, \u00e9nekl\u00e9s, k\u00e9zm\u0171ves foglalkoz\u00e1s<br>\u00c1prilis 13.\u00a0 vas\u00e1rnap 10 \u00f3ra \u2013 <strong>Vir\u00e1gvas\u00e1rnapi istentisztelet<\/strong>, gyermekistentiszteleti alkalommal<\/p>\n\n\n\n<p><strong>Nagyh\u00e9t:<\/strong><br>\u00c1prilis 16. szerda 18 \u00f3ra \u2013 Ima\u00f3ra<br>\u00c1prilis 17. Nagycs\u00fct\u00f6rt\u00f6k 18 \u00f3ra &#8211; istentisztelet<br>\u00c1prilis 18.\u00a0 <strong>Nagyp\u00e9ntek <\/strong>18 \u00f3ra \u2013 istentisztelet \u00farvacsor\u00e1val<br>\u00c1prilis 20.\u00a0 <strong>H\u00fasv\u00e9t vas\u00e1rnap<\/strong> 10 \u00f3ra \u2013 istentisztelet \u00farvacsor\u00e1val<br>\u00a0\u00a0\u00a0\u00a0\u00a0\u00a0\u00a0\u00a0\u00a0\u00a0\u00a0\u00a0\u00a0\u00a0\u00a0\u00a0\u00a0 gyermekistentiszteleti alkalommal<br>\u00c1prilis 21.\u00a0 <strong>H\u00fasv\u00e9t h\u00e9tf\u0151 <\/strong>10 \u00f3ra \u2013 istentisztelet (gyerekszolg\u00e1lat nem lesz)<\/p>\n","protected":false},"excerpt":{"rendered":"<p>Szeretettel h\u00edvunk \u00e9s v\u00e1runk mindenkit a Nagyheti \u00e9s H\u00fasv\u00e9ti gy\u00fclekezeti alkalmainkra, hogy felk\u00e9sz\u00fclhess\u00fcnk \u00e9s elm\u00e9ly\u00fclhess\u00fcnk\u00a0 H\u00fasv\u00e9t miszt\u00e9rium\u00e1ban.<\/p>\n","protected":false},"author":4,"featured_media":2699,"comment_status":"closed","ping_status":"closed","sticky":false,"template":"","format":"standard","meta":{"ngg_post_thumbnail":0,"_jetpack_memberships_contains_paid_content":false,"footnotes":""},"categories":[3],"tags":[],"class_list":["post-2698","post","type-post","status-publish","format-standard","has-post-thumbnail","hentry","category-hirek"],"jetpack_featured_media_url":"https:\/\/arpadfoldiref.hu\/wp-content\/uploads\/2025\/04\/Husvet_uressir.jpg","jetpack_sharing_enabled":true,"_links":{"self":[{"href":"https:\/\/arpadfoldiref.hu\/index.php\/wp-json\/wp\/v2\/posts\/2698","targetHints":{"allow":["GET"]}}],"collection":[{"href":"https:\/\/arpadfoldiref.hu\/index.php\/wp-json\/wp\/v2\/posts"}],"about":[{"href":"https:\/\/arpadfoldiref.hu\/index.php\/wp-json\/wp\/v2\/types\/post"}],"author":[{"embeddable":true,"href":"https:\/\/arpadfoldiref.hu\/index.php\/wp-json\/wp\/v2\/users\/4"}],"replies":[{"embeddable":true,"href":"https:\/\/arpadfoldiref.hu\/index.php\/wp-json\/wp\/v2\/comments?post=2698"}],"version-history":[{"count":4,"href":"https:\/\/arpadfoldiref.hu\/index.php\/wp-json\/wp\/v2\/posts\/2698\/revisions"}],"predecessor-version":[{"id":2749,"href":"https:\/\/arpadfoldiref.hu\/index.php\/wp-json\/wp\/v2\/posts\/2698\/revisions\/2749"}],"wp:featuredmedia":[{"embeddable":true,"href":"https:\/\/arpadfoldiref.hu\/index.php\/wp-json\/wp\/v2\/media\/2699"}],"wp:attachment":[{"href":"https:\/\/arpadfoldiref.hu\/index.php\/wp-json\/wp\/v2\/media?parent=2698"}],"wp:term":[{"taxonomy":"category","embeddable":true,"href":"https:\/\/arpadfoldiref.hu\/index.php\/wp-json\/wp\/v2\/categories?post=2698"},{"taxonomy":"post_tag","embeddable":true,"href":"https:\/\/arpadfoldiref.hu\/index.php\/wp-json\/wp\/v2\/tags?post=2698"}],"curies":[{"name":"wp","href":"https:\/\/api.w.org\/{rel}","templated":true}]}}