{"id":2746,"date":"2025-05-28T07:02:50","date_gmt":"2025-05-28T06:02:50","guid":{"rendered":"https:\/\/arpadfoldiref.hu\/?p=2746"},"modified":"2025-12-22T09:07:31","modified_gmt":"2025-12-22T08:07:31","slug":"punkosd-a-szentlelek-eljovetele","status":"publish","type":"post","link":"https:\/\/arpadfoldiref.hu\/index.php\/2025\/05\/28\/punkosd-a-szentlelek-eljovetele\/","title":{"rendered":"P\u00fcnk\u00f6sd, a Szentl\u00e9lek elj\u00f6vetele"},"content":{"rendered":"\n<p>Szeretettel <strong>h\u00edvunk \u00e9s v\u00e1runk mindenkit<\/strong> a p\u00fcnk\u00f6sdi \u00fcnnepk\u00f6r gy\u00fclekezeti alkalmainkra. Vas\u00e1rnapi istentiszteleteinken a gyermekek 2 korcsoportban gyerekistentiszteleten lehetnek egy\u00fctt.<br><br><strong>M\u00e1jus 29. cs\u00fct\u00f6rt\u00f6k 18 \u00f3ra <\/strong>\u2013 <strong>Mennybemenetel <\/strong>istentisztelet\u00a0 (gyerekszolg\u00e1lat nem lesz)<br><br><strong>J\u00fanius 1.\u00a0 vas\u00e1rnap 10 \u00f3ra \u2013 zen\u00e9s istentisztelet, \u00farvacsor\u00e1val, gyermekistentisztelet 2 csoportban<br><br>J\u00fanius 8. vas\u00e1rnap 10 \u00f3ra<\/strong> \u2013 <strong>P\u00fcnk\u00f6sd<\/strong> \u2013 <strong>istentisztelet \u00farvacsor\u00e1val, gyermekistentisztelet 2 csoportban<\/strong><br><strong><br>J\u00fanius 9. h\u00e9tf\u0151 10 \u00f3ra <\/strong>\u2013 <strong>P\u00fcnk\u00f6sd h\u00e9tf\u0151 <\/strong>\u2013 istentisztelet leg\u00e1tus szolg\u00e1lat\u00e1val, keresztel\u0151 (gyerekszolg\u00e1lat nem lesz)<br><br><\/p>\n","protected":false},"excerpt":{"rendered":"<p>Szeretettel h\u00edvunk \u00e9s v\u00e1runk mindenkit a p\u00fcnk\u00f6sdi \u00fcnnepk\u00f6r gy\u00fclekezeti alkalmaira. A vas\u00e1rnapi istentiszteleteken a gyermekek 2 korcsoportban gyermekistentiszteleten lehetnek egy\u00fctt.<\/p>\n","protected":false},"author":4,"featured_media":2877,"comment_status":"closed","ping_status":"closed","sticky":false,"template":"","format":"standard","meta":{"ngg_post_thumbnail":0,"_jetpack_memberships_contains_paid_content":false,"footnotes":""},"categories":[3],"tags":[],"class_list":["post-2746","post","type-post","status-publish","format-standard","has-post-thumbnail","hentry","category-hirek"],"jetpack_featured_media_url":"https:\/\/arpadfoldiref.hu\/wp-content\/uploads\/2025\/05\/Szentlelek_fekvo_400x300.png","jetpack_sharing_enabled":true,"_links":{"self":[{"href":"https:\/\/arpadfoldiref.hu\/index.php\/wp-json\/wp\/v2\/posts\/2746","targetHints":{"allow":["GET"]}}],"collection":[{"href":"https:\/\/arpadfoldiref.hu\/index.php\/wp-json\/wp\/v2\/posts"}],"about":[{"href":"https:\/\/arpadfoldiref.hu\/index.php\/wp-json\/wp\/v2\/types\/post"}],"author":[{"embeddable":true,"href":"https:\/\/arpadfoldiref.hu\/index.php\/wp-json\/wp\/v2\/users\/4"}],"replies":[{"embeddable":true,"href":"https:\/\/arpadfoldiref.hu\/index.php\/wp-json\/wp\/v2\/comments?post=2746"}],"version-history":[{"count":4,"href":"https:\/\/arpadfoldiref.hu\/index.php\/wp-json\/wp\/v2\/posts\/2746\/revisions"}],"predecessor-version":[{"id":2878,"href":"https:\/\/arpadfoldiref.hu\/index.php\/wp-json\/wp\/v2\/posts\/2746\/revisions\/2878"}],"wp:featuredmedia":[{"embeddable":true,"href":"https:\/\/arpadfoldiref.hu\/index.php\/wp-json\/wp\/v2\/media\/2877"}],"wp:attachment":[{"href":"https:\/\/arpadfoldiref.hu\/index.php\/wp-json\/wp\/v2\/media?parent=2746"}],"wp:term":[{"taxonomy":"category","embeddable":true,"href":"https:\/\/arpadfoldiref.hu\/index.php\/wp-json\/wp\/v2\/categories?post=2746"},{"taxonomy":"post_tag","embeddable":true,"href":"https:\/\/arpadfoldiref.hu\/index.php\/wp-json\/wp\/v2\/tags?post=2746"}],"curies":[{"name":"wp","href":"https:\/\/api.w.org\/{rel}","templated":true}]}}