{"id":2873,"date":"2025-12-22T08:40:13","date_gmt":"2025-12-22T07:40:13","guid":{"rendered":"https:\/\/arpadfoldiref.hu\/?p=2873"},"modified":"2026-01-17T18:07:29","modified_gmt":"2026-01-17T17:07:29","slug":"karacsonyi-unnepi-alkalmaink","status":"publish","type":"post","link":"https:\/\/arpadfoldiref.hu\/index.php\/2025\/12\/22\/karacsonyi-unnepi-alkalmaink\/","title":{"rendered":"Kar\u00e1csonyi \u00fcnnepi alkalmaink"},"content":{"rendered":"\n<p>Szeretettel <strong>h\u00edvunk \u00e9s v\u00e1runk mindenkit<\/strong> az al\u00e1bbi gy\u00fclekezeti egy\u00fcttl\u00e9teinkre:<br><br><strong>december 24.<\/strong>szerda<strong>\u00a0\u00a0 15 \u00f3ra<br><\/strong>Kar\u00e1csony esti istentisztelet a gyermekekkel egy\u00fctt, gyertyagy\u00fajt\u00e1s, aj\u00e1nd\u00e9koz\u00e1s<br><br><strong>december 25.<\/strong>cs\u00fct\u00f6rt\u00f6k <strong>10 \u00f3ra<br><\/strong>Kar\u00e1csony 1.napi \u00farvacsor\u00e1s istentisztelet.<br>Gyermekistentisztelet lesz, \u00e9s az \u00farvacsora alkalm\u00e1val a gyermekek is \u00e1ld\u00e1sban r\u00e9szes\u00fclnek.<br><br><strong>december 26.<\/strong>p\u00e9ntek <strong>10 \u00f3ra<br><\/strong>Kar\u00e1csony 2.napi istentisztelet leg\u00e1tus szolg\u00e1lat\u00e1val. (Gyermekistentisztelet nem lesz)<br><br><strong>december 28<\/strong>.vas\u00e1rnap <strong>10 \u00f3ra<br><\/strong>Istentisztelet (Gyermekistentisztelet nem lesz)<br><br><strong>december 31.<\/strong>szerda <strong>18 \u00f3ra<\/strong><br>\u00d3\u00e9v-z\u00e1r\u00f3 istentisztelet (Gyermekistentisztelet nem lesz)<br><br><strong>janu\u00e1r 1.<\/strong> cs\u00fct\u00f6rt\u00f6k <strong>15 \u00f3ra<br><\/strong>\u00daj\u00e9v-kezd\u0151 istentisztelet (Gyermekistentisztelet nem lesz)<br><br><em>(A Gyermekistentiszteleti alkalmak 2026. janu\u00e1r 4-t\u0151l indulnak \u00fajra, k\u00e9t csoportban.)<br><\/em><strong>\u00c1ldott lelki felk\u00e9sz\u00fcl\u00e9st k\u00edv\u00e1nunk az adventi id\u0151szakban!<\/strong><\/p>\n","protected":false},"excerpt":{"rendered":"<p>Szeretettel h\u00edvunk \u00e9s v\u00e1runk mindenkit kar\u00e1csonyi \u00e9s \u00e9vv\u00e9gi gy\u00fclekezeti egy\u00fcttl\u00e9teinkre.<\/p>\n","protected":false},"author":4,"featured_media":2916,"comment_status":"closed","ping_status":"closed","sticky":false,"template":"","format":"standard","meta":{"ngg_post_thumbnail":0,"_jetpack_memberships_contains_paid_content":false,"footnotes":""},"categories":[3],"tags":[],"class_list":["post-2873","post","type-post","status-publish","format-standard","has-post-thumbnail","hentry","category-hirek"],"jetpack_featured_media_url":"https:\/\/arpadfoldiref.hu\/wp-content\/uploads\/2025\/12\/Karacsony_2025_honlap_400x300-scaled.jpg","jetpack_sharing_enabled":true,"_links":{"self":[{"href":"https:\/\/arpadfoldiref.hu\/index.php\/wp-json\/wp\/v2\/posts\/2873","targetHints":{"allow":["GET"]}}],"collection":[{"href":"https:\/\/arpadfoldiref.hu\/index.php\/wp-json\/wp\/v2\/posts"}],"about":[{"href":"https:\/\/arpadfoldiref.hu\/index.php\/wp-json\/wp\/v2\/types\/post"}],"author":[{"embeddable":true,"href":"https:\/\/arpadfoldiref.hu\/index.php\/wp-json\/wp\/v2\/users\/4"}],"replies":[{"embeddable":true,"href":"https:\/\/arpadfoldiref.hu\/index.php\/wp-json\/wp\/v2\/comments?post=2873"}],"version-history":[{"count":2,"href":"https:\/\/arpadfoldiref.hu\/index.php\/wp-json\/wp\/v2\/posts\/2873\/revisions"}],"predecessor-version":[{"id":2876,"href":"https:\/\/arpadfoldiref.hu\/index.php\/wp-json\/wp\/v2\/posts\/2873\/revisions\/2876"}],"wp:featuredmedia":[{"embeddable":true,"href":"https:\/\/arpadfoldiref.hu\/index.php\/wp-json\/wp\/v2\/media\/2916"}],"wp:attachment":[{"href":"https:\/\/arpadfoldiref.hu\/index.php\/wp-json\/wp\/v2\/media?parent=2873"}],"wp:term":[{"taxonomy":"category","embeddable":true,"href":"https:\/\/arpadfoldiref.hu\/index.php\/wp-json\/wp\/v2\/categories?post=2873"},{"taxonomy":"post_tag","embeddable":true,"href":"https:\/\/arpadfoldiref.hu\/index.php\/wp-json\/wp\/v2\/tags?post=2873"}],"curies":[{"name":"wp","href":"https:\/\/api.w.org\/{rel}","templated":true}]}}