{"id":2909,"date":"2026-01-17T17:54:28","date_gmt":"2026-01-17T16:54:28","guid":{"rendered":"https:\/\/arpadfoldiref.hu\/?p=2909"},"modified":"2026-02-08T22:17:55","modified_gmt":"2026-02-08T21:17:55","slug":"imahet-a-krisztushivok-egysegeert","status":"publish","type":"post","link":"https:\/\/arpadfoldiref.hu\/index.php\/2026\/01\/17\/imahet-a-krisztushivok-egysegeert\/","title":{"rendered":"Imah\u00e9t \u2013 az egys\u00e9g\u00e9rt"},"content":{"rendered":"\n<p>A 2026-os \u00f6kumenikus imah\u00e9t im\u00e1ds\u00e1gait \u00e9s elm\u00e9lked\u00e9seit az \u00d6rm\u00e9ny Apostoli Egyh\u00e1z h\u00edvei k\u00e9sz\u00edtett\u00e9k az \u00f6rm\u00e9ny katolikus \u00e9s protest\u00e1ns egyh\u00e1zakhoz tartoz\u00f3 testv\u00e9reikkel. Az erre az \u00e9vre v\u00e1lasztott bibliai vers &#8211; P\u00e1l egys\u00e9gr\u0151l sz\u00f3l\u00f3 tan\u00edt\u00e1sa &#8211; j\u00f3l foglalja \u00f6ssze az egys\u00e9g m\u00e9lys\u00e9g\u00e9t.<br>\u201eEgy a test, \u00e9s egy a L\u00e9lek, aminthogy egy rem\u00e9nys\u00e9gre kaptatok elh\u00edv\u00e1st is\u201d Ef 4,4<br>Az \u00d6kumenikus imah\u00e9t ideje: 2026. janu\u00e1r 18-25.<br>Mint minden \u00e9vben most is \u00f6r\u00f6mmel juttatjuk el a Testv\u00e9reknek az imah\u00e9t ker\u00fcleti alkalmait, hogy \u00fajra \u00e9s \u00fajra megtapasztalhassuk Isten \u00f6sszetart\u00f3 erej\u00e9t.<br><br><strong>Az imah\u00e9t alkalmai:<\/strong><br><br><strong>Janu\u00e1r 18. (vas\u00e1rnap) \u00a0\u00a0\u00a0\u00a0 18 \u00f3ra<br><\/strong>K\u00e1lvin t\u00e9ri reform\u00e1tus templom<br><strong><br>Janu\u00e1r 19. (h\u00e9tf\u0151) \u00a0\u00a0\u00a0\u00a0\u00a0\u00a0\u00a0\u00a0\u00a0\u00a0\u00a0\u00a0\u00a0\u00a0 18 \u00f3ra<br><\/strong>Cinkotai evang\u00e9likus templom-Bp. XVI. R\u00f3zsalev\u00e9l u. 46.<br><em>Ig\u00e9t hirdet: B\u00edr\u00f3 Botond reform\u00e1tus lelk\u00e9sz<br><br><\/em><strong>Janu\u00e1r 20. (kedd) \u00a0\u00a0\u00a0\u00a0\u00a0\u00a0\u00a0\u00a0\u00a0\u00a0\u00a0\u00a0\u00a0\u00a0\u00a0 18 \u00f3ra<br><\/strong>\u00c1rp\u00e1df\u00f6ldi reform\u00e1tus templom -Bp. XVI. Menyh\u00e9rt u. 42.<br><em>Ig\u00e9t hirdet: G\u00f6d\u00f6lle M\u00e1rton rk. esperes, pl\u00e9b\u00e1nos<br><br><\/em><strong>Janu\u00e1r 21. (szerda) \u00a0\u00a0\u00a0\u00a0\u00a0\u00a0\u00a0\u00a0\u00a0\u00a0 18 \u00f3ra<br><\/strong>Cinkotai baptista imah\u00e1z-Bp. XVI. Georgina u. 59.<br><em>Ig\u00e9t hirdet: Nyikos Andr\u00e1s reform\u00e1tus lelk\u00e9sz<br><br><\/em><strong>Janu\u00e1r 22. (cs\u00fct\u00f6rt\u00f6k)\u00a0\u00a0\u00a0 18 \u00f3ra<br><\/strong>M\u00e1ty\u00e1sf\u00f6ldi Evang\u00e9likus templom &#8211; Bp. XVI. Prod\u00e1m u. 24.<br><em>Ig\u00e9t hirdet: Szem\u00e1ncsik Jaroszl\u00e1v baptista lelk\u00e9sz<br><br><\/em><strong>Janu\u00e1r 23. (p\u00e9ntek) \u00a0\u00a0\u00a0\u00a0\u00a0\u00a0\u00a0\u00a0\u00a0 18 \u00f3ra:<br><\/strong>M\u00e1ty\u00e1sf\u00f6ldi r\u00f3mai katolikus templom-Bp. Paulheim J. t\u00e9r 1.<br><em>Ig\u00e9t hirdet: Vet\u0151 Istv\u00e1n evang\u00e9likus lelk\u00e9sz<br><br><\/em><strong>Janu\u00e1r 25. (vas\u00e1rnap)\u00a0\u00a0\u00a0\u00a0\u00a0 16 \u00f3ra<br><\/strong>M\u00e1ty\u00e1sf\u00f6ldi Reform\u00e1tus templom &#8211; Bp. XVI. Baross G. u. 23.<br><em>Ig\u00e9t hirdet: Hem\u00e1d S\u00e1ndor rk. pl\u00e9b\u00e1no<\/em><\/p>\n","protected":false},"excerpt":{"rendered":"<p>A 2026. \u00e9vi imah\u00e9t bibliai verse: \u201eEgy a test, \u00e9s egy a L\u00e9lek, aminthogy egy rem\u00e9nys\u00e9gre kaptatok elh\u00edv\u00e1st is\u201d Ef 4,4<\/p>\n","protected":false},"author":4,"featured_media":2948,"comment_status":"closed","ping_status":"closed","sticky":false,"template":"","format":"standard","meta":{"ngg_post_thumbnail":0,"_jetpack_memberships_contains_paid_content":false,"footnotes":""},"categories":[3],"tags":[],"class_list":["post-2909","post","type-post","status-publish","format-standard","has-post-thumbnail","hentry","category-hirek"],"jetpack_featured_media_url":"https:\/\/arpadfoldiref.hu\/wp-content\/uploads\/2026\/01\/Okumenikus-imahet2026_400x300.png","jetpack_sharing_enabled":true,"_links":{"self":[{"href":"https:\/\/arpadfoldiref.hu\/index.php\/wp-json\/wp\/v2\/posts\/2909","targetHints":{"allow":["GET"]}}],"collection":[{"href":"https:\/\/arpadfoldiref.hu\/index.php\/wp-json\/wp\/v2\/posts"}],"about":[{"href":"https:\/\/arpadfoldiref.hu\/index.php\/wp-json\/wp\/v2\/types\/post"}],"author":[{"embeddable":true,"href":"https:\/\/arpadfoldiref.hu\/index.php\/wp-json\/wp\/v2\/users\/4"}],"replies":[{"embeddable":true,"href":"https:\/\/arpadfoldiref.hu\/index.php\/wp-json\/wp\/v2\/comments?post=2909"}],"version-history":[{"count":6,"href":"https:\/\/arpadfoldiref.hu\/index.php\/wp-json\/wp\/v2\/posts\/2909\/revisions"}],"predecessor-version":[{"id":2949,"href":"https:\/\/arpadfoldiref.hu\/index.php\/wp-json\/wp\/v2\/posts\/2909\/revisions\/2949"}],"wp:featuredmedia":[{"embeddable":true,"href":"https:\/\/arpadfoldiref.hu\/index.php\/wp-json\/wp\/v2\/media\/2948"}],"wp:attachment":[{"href":"https:\/\/arpadfoldiref.hu\/index.php\/wp-json\/wp\/v2\/media?parent=2909"}],"wp:term":[{"taxonomy":"category","embeddable":true,"href":"https:\/\/arpadfoldiref.hu\/index.php\/wp-json\/wp\/v2\/categories?post=2909"},{"taxonomy":"post_tag","embeddable":true,"href":"https:\/\/arpadfoldiref.hu\/index.php\/wp-json\/wp\/v2\/tags?post=2909"}],"curies":[{"name":"wp","href":"https:\/\/api.w.org\/{rel}","templated":true}]}}